{"id":5241,"date":"2026-04-30T20:07:47","date_gmt":"2026-04-30T18:07:47","guid":{"rendered":"https:\/\/tchelvetia.ch\/de\/?p=5241"},"modified":"2026-04-30T20:35:49","modified_gmt":"2026-04-30T18:35:49","slug":"buchen-unserer-tennisplaetze-ab-freitag-01-mai-2026","status":"publish","type":"post","link":"https:\/\/tchelvetia.ch\/de\/buchen-unserer-tennisplaetze-ab-freitag-01-mai-2026\/","title":{"rendered":"Buchen unserer Tennispl\u00e4tze ab Freitag, 01. Mai 2026"},"content":{"rendered":"\t\t<div data-elementor-type=\"wp-post\" data-elementor-id=\"5241\" class=\"elementor elementor-5241\" data-elementor-post-type=\"post\">\n\t\t\t\t\t\t<section class=\"elementor-section elementor-top-section elementor-element elementor-element-7164dec0 elementor-section-boxed elementor-section-height-default elementor-section-height-default\" data-id=\"7164dec0\" data-element_type=\"section\">\n\t\t\t\t\t\t<div class=\"elementor-container elementor-column-gap-default\">\n\t\t\t\t\t<div class=\"elementor-column elementor-col-100 elementor-top-column elementor-element elementor-element-b240760\" data-id=\"b240760\" data-element_type=\"column\">\n\t\t\t<div class=\"elementor-widget-wrap elementor-element-populated\">\n\t\t\t\t\t\t<div class=\"elementor-element elementor-element-260e0e9f elementor-widget__width-initial elementor-widget elementor-widget-text-editor\" data-id=\"260e0e9f\" data-element_type=\"widget\" data-widget_type=\"text-editor.default\">\n\t\t\t\t<div class=\"elementor-widget-container\">\n\t\t\t\t\t\t\t\t\t<p><strong>Am Freitag, 01. Mai 2026<\/strong> werden wir auf das neue Reservierungssystem &#171;<strong>Availio<\/strong>&#187; umstellen, sodass dann nur noch g\u00fcltige Buchungen der Pl\u00e4tze mit diesem System \u00fcber PC oder Handy erfolgen k\u00f6nnen. Eine Anleitung zur Registrierung und zum Reservieren\/Buchen ist rechtzeitig im April ver\u00f6ffentlicht worden. Auch 2 Termine f\u00fcr diejenigen, die Hilfe zum Registrieren bei &#171;Availio&#187; ben\u00f6tigen, haben wir im April angeboten.\u00a0<\/p>\n<p>Es sind pro Buchenden max. 4 Buchungen pro Woche vorgesehen und Buchungen sind im Voraus bis 14 Tage m\u00f6glich.<\/p>\n<p><!-- \/wp:paragraph --><!-- wp:paragraph --><\/p>\n<p>Falls dar\u00fcberhinaus Probleme beim Buchen auftreten sollten, so kann auch die Spielpartnerin\/der Spielpartner, die Buchung \u00fcbernehmen. Bei Problemen k\u00f6nnt ihr weiterhin von den in der <strong>Anleitung<\/strong> oder in unserem <strong>Schreiben an Euch<\/strong> gemachten E-Mail-Kontakten Gebrauch machen.\u00a0<\/p>\n<p>Noch zur Information: Sigi Schwarzer wird am Samstagnachmittag, dem 02. Mai, w\u00e4hrend des Interclub-Spiels der Herren 65+ im Clubheim anwesend sein und w\u00fcrde zus\u00e4tzlich f\u00fcr allf\u00e4llige Fragen zur Verf\u00fcgung stehen. Zeitaufw\u00e4ndige Einweisungen sind jedoch an diesem Tag nicht m\u00f6glich.<\/p>\n<p><!-- \/wp:paragraph --><!-- wp:paragraph --><\/p>\n<p><!-- \/wp:paragraph --><!-- wp:paragraph --><\/p>\n<p><!-- \/wp:paragraph --><!-- wp:paragraph --><\/p>\n<p><!-- \/wp:paragraph --><\/p>\t\t\t\t\t\t\t\t<\/div>\n\t\t\t\t<\/div>\n\t\t\t\t\t<\/div>\n\t\t<\/div>\n\t\t\t\t\t<\/div>\n\t\t<\/section>\n\t\t\t\t<\/div>\n\t\t","protected":false},"excerpt":{"rendered":"<p>Am Freitag, 01. Mai 2026 werden wir auf das neue Reservierungssystem &#171;Availio&#187; umstellen, sodass dann nur noch g\u00fcltige Buchungen der Pl\u00e4tze mit diesem System \u00fcber PC oder Handy erfolgen k\u00f6nnen. Eine Anleitung zur Registrierung und zum Reservieren\/Buchen ist rechtzeitig im April ver\u00f6ffentlicht worden. Auch 2 Termine f\u00fcr diejenigen, die Hilfe zum Registrieren bei &#171;Availio&#187; ben\u00f6tigen, [&hellip;]<\/p>\n","protected":false},"author":4,"featured_media":963,"comment_status":"open","ping_status":"open","sticky":false,"template":"","format":"standard","meta":{"footnotes":""},"categories":[1],"tags":[],"class_list":["post-5241","post","type-post","status-publish","format-standard","has-post-thumbnail","hentry","category-news"],"_links":{"self":[{"href":"https:\/\/tchelvetia.ch\/de\/wp-json\/wp\/v2\/posts\/5241","targetHints":{"allow":["GET"]}}],"collection":[{"href":"https:\/\/tchelvetia.ch\/de\/wp-json\/wp\/v2\/posts"}],"about":[{"href":"https:\/\/tchelvetia.ch\/de\/wp-json\/wp\/v2\/types\/post"}],"author":[{"embeddable":true,"href":"https:\/\/tchelvetia.ch\/de\/wp-json\/wp\/v2\/users\/4"}],"replies":[{"embeddable":true,"href":"https:\/\/tchelvetia.ch\/de\/wp-json\/wp\/v2\/comments?post=5241"}],"version-history":[{"count":7,"href":"https:\/\/tchelvetia.ch\/de\/wp-json\/wp\/v2\/posts\/5241\/revisions"}],"predecessor-version":[{"id":5248,"href":"https:\/\/tchelvetia.ch\/de\/wp-json\/wp\/v2\/posts\/5241\/revisions\/5248"}],"wp:featuredmedia":[{"embeddable":true,"href":"https:\/\/tchelvetia.ch\/de\/wp-json\/wp\/v2\/media\/963"}],"wp:attachment":[{"href":"https:\/\/tchelvetia.ch\/de\/wp-json\/wp\/v2\/media?parent=5241"}],"wp:term":[{"taxonomy":"category","embeddable":true,"href":"https:\/\/tchelvetia.ch\/de\/wp-json\/wp\/v2\/categories?post=5241"},{"taxonomy":"post_tag","embeddable":true,"href":"https:\/\/tchelvetia.ch\/de\/wp-json\/wp\/v2\/tags?post=5241"}],"curies":[{"name":"wp","href":"https:\/\/api.w.org\/{rel}","templated":true}]}}